{"id":154,"date":"2021-11-19T11:46:39","date_gmt":"2021-11-19T11:46:39","guid":{"rendered":"https:\/\/proarhive.ro\/?p=154"},"modified":"2021-11-26T12:25:43","modified_gmt":"2021-11-26T12:25:43","slug":"cum-digitalizezi-o-economie","status":"publish","type":"post","link":"https:\/\/proarhive.ro\/index.php\/2021\/11\/19\/cum-digitalizezi-o-economie\/","title":{"rendered":"Cum digitalizezi o economie"},"content":{"rendered":"\n<p class=\"has-text-align-justify\"><strong>Nevoia de digitalizare \u00een r\u00e2ndul companiilor din pia\u0163a local\u0103 nu e o noutate, \u00eens\u0103 pe fondul actualei crize sanitare a devenit mai acut\u0103 dec\u00e2t oric\u00e2nd. Pentru a r\u0103spunde acestei caren\u0163e, Vodafone Rom\u00e2nia a implementat recent V-Hub, o platform\u0103 lansat\u0103 la nivel de grup, care ofer\u0103 consultan\u0163\u0103, informa\u0163ii \u015fi solu\u0163ii concrete IMM-urilor aflate \u00een impas. Cum pot beneficia companiile de sprijinul acestui instrument?<\/strong><\/p>\n\n\n\n<p class=\"has-text-align-justify\">\u201eDin p\u0103cate, \u00een continuare nu suntem printre cele mai digitalizate \u0163\u0103ri din Europa \u00een zona IMM-urilor, din contr\u0103\u201d, aminte\u015fte Mihnea R\u0103dulescu, director Enterprise Business Unit, Vodafone Rom\u00e2nia, de o problem\u0103 foarte prezent\u0103 \u00een pia\u0163a local\u0103. \u00cen paralel, el face referire \u015fi la indicele economiei \u015fi societ\u0103\u0163ii digitale (DESI), care urm\u0103re\u015fte progresul \u0163\u0103rilor Uniunii Europene \u00een ceea ce prive\u015fte competitivitatea lor digital\u0103, \u015fi care, \u00een 2020 a plasat Rom\u00e2nia pe locul 27 \u00een ceea ce prive\u015fte integrarea tehnologiei digitale de c\u0103tre \u00eentreprinderi, cu mult sub media UE. Mai mult, raportul DESI arat\u0103 c\u0103 \u00eentreprinderile mici \u015fi mijlocii din pia\u0163a local\u0103 sunt \u00een urma companiilor mai mari \u00een ceea ce prive\u015fte adoptarea aproape a tuturor tehnologiilor \u015fi doar 11% din totalul IMM-urilor rom\u00e2ne\u015fti fac v\u00e2nz\u0103ri online, fa\u0163\u0103 de media UE de 18%. \u00cen plus, doar 5% din cifra de afaceri a acestor businessuri vine din comer\u0163ul electronic, comparativ cu media de 11% \u00eenregistrat\u0103 la nivelul Uniunii Europene. \u201eAceast\u0103 statistic\u0103 arat\u0103 c\u0103 exist\u0103 o nevoie uria\u015f\u0103 de instruire, deoarece de multe ori companiile nu \u015ftiu ce \u00eenseamn\u0103 acest cuv\u00e2nt &#8211; digitalizare, \u015fi exist\u0103 foarte pu\u0163ine cuno\u015ftin\u0163e legate de cu cine trebuie lucrat pentru a putea face primii pa\u015fi \u00een aceast\u0103 direc\u0163ie\u201d, sus\u0163ine R\u0103dulescu. \u00cen opinia sa, e important cum transmitem informa\u0163ia, cum vorbim cu ace\u015fti antreprenori, cum vorbim cu companiile mai mici, \u00een a\u015fa fel \u00eenc\u00e2t s\u0103 \u00een\u0163eleag\u0103 beneficiile digitaliz\u0103rii, direc\u0163ia \u00een care trebuie s\u0103 investeasc\u0103, de ce trebuie s\u0103 fac\u0103 asta \u015fi cu ce \u00eei ajut\u0103 fie \u00een supravie\u0163uire, fie \u00een cre\u015fterea competitivit\u0103\u0163ii lor pe pia\u0163\u0103.<\/p>\n\n\n\n<p class=\"has-text-align-justify\">\u00cen continuare, R\u0103dulescu sus\u0163ine c\u0103, de\u015fi e foarte apetisant s\u0103 ne g\u00e2ndim la companiile mari, la brandurile mari, care au solu\u0163ii din ce \u00een ce mai sofisticate, unde \u00eentr-adev\u0103r putem vorbi de inova\u0163ii la nivelul online-ului, lumea aceea este deja una cu care noi, ca persoane, avem deja contact, consum\u0103m de la acele branduri \u015fi nivelul de sofisticare e foarte mare. \u201eTrebuie s\u0103 nu uit\u0103m c\u0103 aceste IMM-uri \u015fi companiile mai mici reprezint\u0103 peste 50% din contribu\u0163ia \u00een economia rom\u00e2neasc\u0103 \u015fi peste 60% din angaj\u0103rile din Rom\u00e2nia. Cred c\u0103 e extrem de relevant \u015fi cred cu t\u0103rie c\u0103 \u00eentr-o economie competitivitatea vine \u015fi din aceast\u0103 zon\u0103. Trebuie ajutat\u0103 pentru c\u0103 altfel, pe m\u0103sur\u0103 ce trece timpul, acest decalaj fa\u0163\u0103 de companiile din alte \u0163\u0103ri devine din ce \u00een ce mai mare \u015fi competitivitatea scade.\u201d Acesta, adaug\u0103 el, e principalul scop, principala inten\u0163ie a V-Hub: de a-i ajuta tocmai pe ace\u015fti \u00eentreprinz\u0103tori, companiile ceva mai mici, care \u00ee\u015fi permit mai pu\u0163ine lucruri \u015fi care deocamdat\u0103 nu \u00een\u0163eleg ce \u00eenseamn\u0103 digitalizare \u015fi cu ce \u00eei poate ajuta. \u201e\u015ei c\u00e2nd spunem IMM-uri, conform defini\u0163iei europene standard, ne referim la companii de p\u00e2n\u0103 la 250 de angaja\u0163i. Cu siguran\u0163\u0103 nu ne limit\u0103m la aceste companii. Cum spuneam, aveam clien\u0163i \u00een zona companiilor strategice, dar acolo discu\u0163iile sunt de alt\u0103 natur\u0103. Deja majoritatea companiilor respective au solu\u0163ii mult mai avansate dec\u00e2t cele despre care vorbim. De aceea, V-Hub este focusat c\u0103tre companiile cu p\u00e2n\u0103 la 250 de angaja\u0163i\u201d, noteaz\u0103 reprezentantul Vodafone. Potrivit lui, cea mai mare nevoie de digitalizare o au micii antreprenori, companiile de p\u00e2n\u0103 la 100 de angaja\u0163i, care pot lua solu\u0163ii standardizate \u015fi le pot folosi cu succes \u015fi cu o contribu\u0163ie semnificativ\u0103 \u00een value chain-ul lor.<\/p>\n","protected":false},"excerpt":{"rendered":"<p>Nevoia de digitalizare \u00een r\u00e2ndul companiilor din pia\u0163a local\u0103 nu e o noutate, \u00eens\u0103 pe fondul actualei crize sanitare a devenit mai acut\u0103 dec\u00e2t oric\u00e2nd. Pentru a r\u0103spunde acestei caren\u0163e, Vodafone Rom\u00e2nia a implementat recent V-Hub, o platform\u0103 lansat\u0103 la nivel de grup, care ofer\u0103 consultan\u0163\u0103, informa\u0163ii \u015fi solu\u0163ii concrete IMM-urilor aflate \u00een impas. Cum &#8230; <a title=\"Cum digitalizezi o economie\" class=\"read-more\" href=\"https:\/\/proarhive.ro\/index.php\/2021\/11\/19\/cum-digitalizezi-o-economie\/\" aria-label=\"Cite\u0219te mai multe despre Cum digitalizezi o economie\">Cite\u0219te mai mult<\/a><\/p>\n","protected":false},"author":1,"featured_media":155,"comment_status":"open","ping_status":"closed","sticky":false,"template":"","format":"standard","meta":{"_jetpack_memberships_contains_paid_content":false,"footnotes":""},"categories":[12],"tags":[14,11,15,13],"class_list":["post-154","post","type-post","status-publish","format-standard","has-post-thumbnail","hentry","category-digitalizare","tag-afaceri","tag-digitalizare","tag-documente-digitale","tag-economie"],"jetpack_featured_media_url":"https:\/\/i0.wp.com\/proarhive.ro\/wp-content\/uploads\/2021\/11\/digitalization.jpg?fit=660%2C400&ssl=1","jetpack-related-posts":[{"id":188,"url":"https:\/\/proarhive.ro\/index.php\/2021\/11\/26\/profesionalism-si-excelenta\/","url_meta":{"origin":154,"position":0},"title":"Profesionalism \u015fi excelen\u0163\u0103","author":"admin","date":"noiembrie 26, 2021","format":false,"excerpt":"Ca o confirmare a calit\u0103\u0163ii serviciilor arhivistice oferite de c\u0103tre companie precum \u015fi a profesionalismului echipei noastre, Structura de economie social\u0103 a fost autorizat\u0103 de c\u0103tre Arhivele Na\u0163ionale ale Rom\u00e2niei pentru serviciul arhivistic de leg\u0103torie \u015fi serviciul de prelucrare arhivistic\u0103.Structura ofer\u0103 \u015fi servicii de digitalizare a documentelor \u015fi organizarea acestora\u2026","rel":"","context":"\u00cen \u201eArhivistica generala\u201d","block_context":{"text":"Arhivistica generala","link":"https:\/\/proarhive.ro\/index.php\/category\/arhivistica-generala\/"},"img":{"alt_text":"","src":"https:\/\/i0.wp.com\/proarhive.ro\/wp-content\/uploads\/2021\/11\/autorizatii.jpg?fit=1200%2C748&ssl=1&resize=350%2C200","width":350,"height":200,"srcset":"https:\/\/i0.wp.com\/proarhive.ro\/wp-content\/uploads\/2021\/11\/autorizatii.jpg?fit=1200%2C748&ssl=1&resize=350%2C200 1x, https:\/\/i0.wp.com\/proarhive.ro\/wp-content\/uploads\/2021\/11\/autorizatii.jpg?fit=1200%2C748&ssl=1&resize=525%2C300 1.5x, https:\/\/i0.wp.com\/proarhive.ro\/wp-content\/uploads\/2021\/11\/autorizatii.jpg?fit=1200%2C748&ssl=1&resize=700%2C400 2x, https:\/\/i0.wp.com\/proarhive.ro\/wp-content\/uploads\/2021\/11\/autorizatii.jpg?fit=1200%2C748&ssl=1&resize=1050%2C600 3x"},"classes":[]},{"id":117,"url":"https:\/\/proarhive.ro\/index.php\/2021\/11\/19\/turcan-vom-recalcula-pensiile-dupa-digitalizarea-lor-care-in-ritmul-actual-va-fi-finalizata-pana-la-sfarsitul-lui-2022\/","url_meta":{"origin":154,"position":1},"title":"Turcan: Vom recalcula pensiile dup\u0103 digitalizarea lor, care \u00een ritmul actual va fi finalizat\u0103 p\u00e2n\u0103 la sf\u00e2r\u015fitul lui 2022","author":"admin","date":"noiembrie 19, 2021","format":false,"excerpt":"Ministerul Muncii va demara recalcularea pensiilor dup\u0103 digitalizarea tuturor dosarelor de pensie, proces care \u00een actualul ritm de lucru va fi finalizat p\u00e2n\u0103 la sf\u00e2r\u015fitul anului viitor, a transmis, joi, ministrul Muncii \u015fi Protec\u0163iei Sociale, Raluca Turcan, pe Facebook, scrie Agerpres. \u201eCu o medie de procesare de 26.000 de dosare\/zi,\u2026","rel":"","context":"\u00cen \u201eInteres general\u201d","block_context":{"text":"Interes general","link":"https:\/\/proarhive.ro\/index.php\/category\/artiole-de-interes-general-pentru-membrii-comunitatii\/"},"img":{"alt_text":"","src":"https:\/\/i0.wp.com\/proarhive.ro\/wp-content\/uploads\/2021\/11\/talon_pensie_58596868_60838700-560x420-1.webp?fit=1020%2C574&ssl=1&resize=350%2C200","width":350,"height":200,"srcset":"https:\/\/i0.wp.com\/proarhive.ro\/wp-content\/uploads\/2021\/11\/talon_pensie_58596868_60838700-560x420-1.webp?fit=1020%2C574&ssl=1&resize=350%2C200 1x, https:\/\/i0.wp.com\/proarhive.ro\/wp-content\/uploads\/2021\/11\/talon_pensie_58596868_60838700-560x420-1.webp?fit=1020%2C574&ssl=1&resize=525%2C300 1.5x, https:\/\/i0.wp.com\/proarhive.ro\/wp-content\/uploads\/2021\/11\/talon_pensie_58596868_60838700-560x420-1.webp?fit=1020%2C574&ssl=1&resize=700%2C400 2x"},"classes":[]},{"id":205,"url":"https:\/\/proarhive.ro\/index.php\/2022\/08\/20\/servicii-de-arhivare-electronica\/","url_meta":{"origin":154,"position":2},"title":"Servicii de arhivare electronic\u0103","author":"admin","date":"august 20, 2022","format":false,"excerpt":"Conversia documentelor \u00een format digital asigur\u0103 un acces sigur \u015fi rapid la datele con\u0163inute \u00een documente, diminu\u00e2nd costurile opera\u0163ionale \u015fi eficientiz\u00e2nd activitatea organiza\u0163iei dumneavoastr\u0103. Putem transpune \u00een format digital \u00eentregul fond arhivistic al organiza\u0163iei dumneavoastr\u0103. Principalele servicii de arhivare electronica pe care vi le oferim: Scanare documente \u00een format A0\u2026","rel":"","context":"\u00cen \u201eArhivistica generala\u201d","block_context":{"text":"Arhivistica generala","link":"https:\/\/proarhive.ro\/index.php\/category\/arhivistica-generala\/"},"img":{"alt_text":"","src":"https:\/\/i0.wp.com\/proarhive.ro\/wp-content\/uploads\/2022\/08\/Arhiva-electronica.jpg?fit=1200%2C900&ssl=1&resize=350%2C200","width":350,"height":200,"srcset":"https:\/\/i0.wp.com\/proarhive.ro\/wp-content\/uploads\/2022\/08\/Arhiva-electronica.jpg?fit=1200%2C900&ssl=1&resize=350%2C200 1x, https:\/\/i0.wp.com\/proarhive.ro\/wp-content\/uploads\/2022\/08\/Arhiva-electronica.jpg?fit=1200%2C900&ssl=1&resize=525%2C300 1.5x, https:\/\/i0.wp.com\/proarhive.ro\/wp-content\/uploads\/2022\/08\/Arhiva-electronica.jpg?fit=1200%2C900&ssl=1&resize=700%2C400 2x, https:\/\/i0.wp.com\/proarhive.ro\/wp-content\/uploads\/2022\/08\/Arhiva-electronica.jpg?fit=1200%2C900&ssl=1&resize=1050%2C600 3x"},"classes":[]},{"id":172,"url":"https:\/\/proarhive.ro\/index.php\/2021\/11\/19\/criterii-de-apreciere-a-valorii-documentelor\/","url_meta":{"origin":154,"position":3},"title":"Criterii de apreciere a valorii documentelor","author":"admin","date":"noiembrie 19, 2021","format":false,"excerpt":"Dintre criteriile de apreciere a valorii documentelor, pe primul plan se situeaz\u0103 con\u0163inutul informa\u0163ional-documentar, valoarea de m\u0103rturie a informa\u0163iilor cuprinse \u00een document, privind istoria social\u0103, economic\u0103, politic\u0103, cultural-religioas\u0103, indiferent dac\u0103 aceste informa\u0163ii sunt de interes local, na\u0163ional sau interna\u0163ional. \u00cen mod normal, ar trebui ca toate documentele care sunt permanente\u2026","rel":"","context":"\u00cen \u201eArhivistica generala\u201d","block_context":{"text":"Arhivistica generala","link":"https:\/\/proarhive.ro\/index.php\/category\/arhivistica-generala\/"},"img":{"alt_text":"documente vechi, digitalizarea documentelor","src":"https:\/\/i0.wp.com\/proarhive.ro\/wp-content\/uploads\/2021\/11\/old_document.jpg?fit=1200%2C682&ssl=1&resize=350%2C200","width":350,"height":200,"srcset":"https:\/\/i0.wp.com\/proarhive.ro\/wp-content\/uploads\/2021\/11\/old_document.jpg?fit=1200%2C682&ssl=1&resize=350%2C200 1x, https:\/\/i0.wp.com\/proarhive.ro\/wp-content\/uploads\/2021\/11\/old_document.jpg?fit=1200%2C682&ssl=1&resize=525%2C300 1.5x, https:\/\/i0.wp.com\/proarhive.ro\/wp-content\/uploads\/2021\/11\/old_document.jpg?fit=1200%2C682&ssl=1&resize=700%2C400 2x, https:\/\/i0.wp.com\/proarhive.ro\/wp-content\/uploads\/2021\/11\/old_document.jpg?fit=1200%2C682&ssl=1&resize=1050%2C600 3x"},"classes":[]},{"id":198,"url":"https:\/\/proarhive.ro\/index.php\/2022\/08\/20\/servicii-de-arhivare-fizica-servicii-arhivistice-arhivistica-arhive-arhive-teleorman\/","url_meta":{"origin":154,"position":4},"title":"Servicii de arhivare fizic\u0103","author":"admin","date":"august 20, 2022","format":false,"excerpt":"Structura de economie social\u0103 Atelierul Arhivistic v\u0103 ofer\u0103 servicii de prelucrare arhivistic\u0103 \u015fi leg\u0103torie la cel mai bun raport pre\u0163\/calitate, \u00een conformitate cu Legea Arhivelor Na\u0163ionale. Av\u00e2nd o experien\u0163\u0103 de peste 15 ani \u00een domeniul arhivistic v\u0103 garant\u0103m sc\u0103derea costurilor \u015fi eficientizarea activit\u0103\u0163ii organiza\u0163iei dumneavoastr\u0103. \u00a0 \u00a0 Principalele servicii arhivistice\u2026","rel":"","context":"\u00cen \u201eArhivistica generala\u201d","block_context":{"text":"Arhivistica generala","link":"https:\/\/proarhive.ro\/index.php\/category\/arhivistica-generala\/"},"img":{"alt_text":"","src":"https:\/\/i0.wp.com\/proarhive.ro\/wp-content\/uploads\/2022\/08\/depozit-arhiva.jpg?fit=750%2C1000&ssl=1&resize=350%2C200","width":350,"height":200,"srcset":"https:\/\/i0.wp.com\/proarhive.ro\/wp-content\/uploads\/2022\/08\/depozit-arhiva.jpg?fit=750%2C1000&ssl=1&resize=350%2C200 1x, https:\/\/i0.wp.com\/proarhive.ro\/wp-content\/uploads\/2022\/08\/depozit-arhiva.jpg?fit=750%2C1000&ssl=1&resize=525%2C300 1.5x, https:\/\/i0.wp.com\/proarhive.ro\/wp-content\/uploads\/2022\/08\/depozit-arhiva.jpg?fit=750%2C1000&ssl=1&resize=700%2C400 2x"},"classes":[]},{"id":169,"url":"https:\/\/proarhive.ro\/index.php\/2021\/11\/19\/selectionarea-documentelor-o-operatiune-delicata\/","url_meta":{"origin":154,"position":5},"title":"Selec\u0163ionarea documentelor \u2013 o opera\u0163iune delicat\u0103","author":"admin","date":"noiembrie 19, 2021","format":false,"excerpt":"Selec\u0163ionarea este opera\u0163iunea arhivistic\u0103 de stabilire a valorii documentar-istorice sau practice a unit\u0103\u0163ilor arhivistice dintr-un fond sau colec\u0163ie, \u00een vederea p\u0103str\u0103rii permanente a celor ce fac parte din Fondul Arhivistic Na\u0163ional \u015fi eliminarea celor lipsite de importan\u0163\u0103. Deci prin selec\u0163ionare se urm\u0103re\u015fte, \u00een primul r\u00e2nd, stabilirea documentelor cu valoare documentar\u2026","rel":"","context":"\u00cen \u201eArhivistica generala\u201d","block_context":{"text":"Arhivistica generala","link":"https:\/\/proarhive.ro\/index.php\/category\/arhivistica-generala\/"},"img":{"alt_text":"","src":"https:\/\/i0.wp.com\/proarhive.ro\/wp-content\/uploads\/2021\/11\/large_archive.jpg?fit=800%2C600&ssl=1&resize=350%2C200","width":350,"height":200,"srcset":"https:\/\/i0.wp.com\/proarhive.ro\/wp-content\/uploads\/2021\/11\/large_archive.jpg?fit=800%2C600&ssl=1&resize=350%2C200 1x, https:\/\/i0.wp.com\/proarhive.ro\/wp-content\/uploads\/2021\/11\/large_archive.jpg?fit=800%2C600&ssl=1&resize=525%2C300 1.5x, https:\/\/i0.wp.com\/proarhive.ro\/wp-content\/uploads\/2021\/11\/large_archive.jpg?fit=800%2C600&ssl=1&resize=700%2C400 2x"},"classes":[]}],"jetpack_sharing_enabled":true,"_links":{"self":[{"href":"https:\/\/proarhive.ro\/index.php\/wp-json\/wp\/v2\/posts\/154","targetHints":{"allow":["GET"]}}],"collection":[{"href":"https:\/\/proarhive.ro\/index.php\/wp-json\/wp\/v2\/posts"}],"about":[{"href":"https:\/\/proarhive.ro\/index.php\/wp-json\/wp\/v2\/types\/post"}],"author":[{"embeddable":true,"href":"https:\/\/proarhive.ro\/index.php\/wp-json\/wp\/v2\/users\/1"}],"replies":[{"embeddable":true,"href":"https:\/\/proarhive.ro\/index.php\/wp-json\/wp\/v2\/comments?post=154"}],"version-history":[{"count":2,"href":"https:\/\/proarhive.ro\/index.php\/wp-json\/wp\/v2\/posts\/154\/revisions"}],"predecessor-version":[{"id":181,"href":"https:\/\/proarhive.ro\/index.php\/wp-json\/wp\/v2\/posts\/154\/revisions\/181"}],"wp:featuredmedia":[{"embeddable":true,"href":"https:\/\/proarhive.ro\/index.php\/wp-json\/wp\/v2\/media\/155"}],"wp:attachment":[{"href":"https:\/\/proarhive.ro\/index.php\/wp-json\/wp\/v2\/media?parent=154"}],"wp:term":[{"taxonomy":"category","embeddable":true,"href":"https:\/\/proarhive.ro\/index.php\/wp-json\/wp\/v2\/categories?post=154"},{"taxonomy":"post_tag","embeddable":true,"href":"https:\/\/proarhive.ro\/index.php\/wp-json\/wp\/v2\/tags?post=154"}],"curies":[{"name":"wp","href":"https:\/\/api.w.org\/{rel}","templated":true}]}}