{"id":191,"date":"2021-12-07T09:16:31","date_gmt":"2021-12-07T09:16:31","guid":{"rendered":"https:\/\/proarhive.ro\/?p=191"},"modified":"2021-12-07T09:16:36","modified_gmt":"2021-12-07T09:16:36","slug":"a-aparut-buletinul-informativ-info-regional-sud-muntenia-nr-539","status":"publish","type":"post","link":"https:\/\/proarhive.ro\/index.php\/2021\/12\/07\/a-aparut-buletinul-informativ-info-regional-sud-muntenia-nr-539\/","title":{"rendered":"A ap\u0103rut buletinul informativ Info Regional Sud Muntenia nr. 539"},"content":{"rendered":"\n<p>A ap\u0103rut un nou num\u0103r al newsletter-ului electronic editat de Agen\u021bia pentru Dezvoltare Regional\u0103 Sud Muntenia!<\/p>\n\n\n\n<p>Publica\u021bia a ajuns la num\u0103rul&nbsp;<strong>539<\/strong>&nbsp;\u0219i poate fi citit\u0103 pe site-ul nostru la sec\u021biunea Newsletter, link:&nbsp;<a href=\"https:\/\/www.adrmuntenia.ro\/download_file\/newsletter\/573\/info-regional-sud-muntenia-nr-539.pdf\" target=\"_blank\" rel=\"noreferrer noopener\">https:\/\/www.adrmuntenia.ro\/download_file\/newsletter\/573\/info-regional-sud-muntenia-nr-539.pdf<\/a>.<\/p>\n\n\n\n<p>De asemenea, pute\u021bi s\u0103 v\u0103 \u00eenregistra\u021bi pe site \u0219i s\u0103 primi\u021bi pe\u00a0e-mail, \u00een mod regulat, buletinul de \u0219tiri realizat de aceasta institu\u021bie.<\/p>\n","protected":false},"excerpt":{"rendered":"<p>A ap\u0103rut un nou num\u0103r al newsletter-ului electronic editat de Agen\u021bia pentru Dezvoltare Regional\u0103 Sud Muntenia! Publica\u021bia a ajuns la num\u0103rul&nbsp;539&nbsp;\u0219i poate fi citit\u0103 pe site-ul nostru la sec\u021biunea Newsletter, link:&nbsp;https:\/\/www.adrmuntenia.ro\/download_file\/newsletter\/573\/info-regional-sud-muntenia-nr-539.pdf. De asemenea, pute\u021bi s\u0103 v\u0103 \u00eenregistra\u021bi pe site \u0219i s\u0103 primi\u021bi pe\u00a0e-mail, \u00een mod regulat, buletinul de \u0219tiri realizat de aceasta institu\u021bie.<\/p>\n","protected":false},"author":1,"featured_media":192,"comment_status":"open","ping_status":"closed","sticky":false,"template":"","format":"standard","meta":{"_jetpack_memberships_contains_paid_content":false,"footnotes":""},"categories":[1],"tags":[30,28],"class_list":["post-191","post","type-post","status-publish","format-standard","has-post-thumbnail","hentry","category-uncategorized","tag-adr","tag-adr-sud-muntenia"],"jetpack_featured_media_url":"https:\/\/i0.wp.com\/proarhive.ro\/wp-content\/uploads\/2021\/12\/info-regional-sud-muntenia-nr-539-1.png?fit=794%2C1123&ssl=1","jetpack-related-posts":[{"id":213,"url":"https:\/\/proarhive.ro\/index.php\/2022\/09\/05\/revista-infosud-nr-1-2-2021\/","url_meta":{"origin":191,"position":0},"title":"Revista InfoSud, nr.1-2, 2021","author":"admin","date":"septembrie 5, 2022","format":false,"excerpt":"V\u0103 prezent\u0103m Revista InfoSud, Anul I. Nr. 3 \u2013 4 August 2022, publica\u0163ie destinat\u0103 zonelor urbane marginalizate din Municipiul Turnu M\u0103gurele, jude\u0163 Teleorman. Revista este menit\u0103 a populariza beneficiile aduse de cultur\u0103 \u015fi este editat\u0103 \u015fi publicat\u0103 de c\u0103tre Structura de Economie Social\u0103 Atelierul Arhivistic Turnu M\u0103gurele.","rel":"","context":"\u00cen \u201eInteres general\u201d","block_context":{"text":"Interes general","link":"https:\/\/proarhive.ro\/index.php\/category\/artiole-de-interes-general-pentru-membrii-comunitatii\/"},"img":{"alt_text":"Revista InfoSud nr.3-4 August 2022","src":"https:\/\/i0.wp.com\/proarhive.ro\/wp-content\/uploads\/2022\/09\/revista-coperti-A3_nr.2-1-scaled.jpg?fit=1200%2C848&ssl=1&resize=350%2C200","width":350,"height":200,"srcset":"https:\/\/i0.wp.com\/proarhive.ro\/wp-content\/uploads\/2022\/09\/revista-coperti-A3_nr.2-1-scaled.jpg?fit=1200%2C848&ssl=1&resize=350%2C200 1x, https:\/\/i0.wp.com\/proarhive.ro\/wp-content\/uploads\/2022\/09\/revista-coperti-A3_nr.2-1-scaled.jpg?fit=1200%2C848&ssl=1&resize=525%2C300 1.5x, https:\/\/i0.wp.com\/proarhive.ro\/wp-content\/uploads\/2022\/09\/revista-coperti-A3_nr.2-1-scaled.jpg?fit=1200%2C848&ssl=1&resize=700%2C400 2x, https:\/\/i0.wp.com\/proarhive.ro\/wp-content\/uploads\/2022\/09\/revista-coperti-A3_nr.2-1-scaled.jpg?fit=1200%2C848&ssl=1&resize=1050%2C600 3x"},"classes":[]},{"id":194,"url":"https:\/\/proarhive.ro\/index.php\/2021\/12\/08\/revista-locala\/","url_meta":{"origin":191,"position":1},"title":"Revista InfoSud, nr.1-2, 2021","author":"admin","date":"decembrie 8, 2021","format":false,"excerpt":"V\u0103 prezent\u0103m Revista InfoSud, Anul I. Nr. 1 \u2013 2. Octombrie 2021, publica\u0163ie destinat\u0103 zonelor urbane marginalizate din Municipiul Turnu M\u0103gurele, jude\u0163 Teleorman. Revista este menit\u0103 a populariza beneficiile aduse de cultur\u0103 \u015fi este editat\u0103 \u015fi publicat\u0103 de c\u0103tre Structura de Economie Social\u0103 Atelierul Arhivistic Turnu M\u0103gurele.","rel":"","context":"\u00cen \u201eInteres general\u201d","block_context":{"text":"Interes general","link":"https:\/\/proarhive.ro\/index.php\/category\/artiole-de-interes-general-pentru-membrii-comunitatii\/"},"img":{"alt_text":"","src":"https:\/\/i0.wp.com\/proarhive.ro\/wp-content\/uploads\/2021\/11\/DSC_1986-scaled.jpg?fit=1200%2C800&ssl=1&resize=350%2C200","width":350,"height":200,"srcset":"https:\/\/i0.wp.com\/proarhive.ro\/wp-content\/uploads\/2021\/11\/DSC_1986-scaled.jpg?fit=1200%2C800&ssl=1&resize=350%2C200 1x, https:\/\/i0.wp.com\/proarhive.ro\/wp-content\/uploads\/2021\/11\/DSC_1986-scaled.jpg?fit=1200%2C800&ssl=1&resize=525%2C300 1.5x, https:\/\/i0.wp.com\/proarhive.ro\/wp-content\/uploads\/2021\/11\/DSC_1986-scaled.jpg?fit=1200%2C800&ssl=1&resize=700%2C400 2x, https:\/\/i0.wp.com\/proarhive.ro\/wp-content\/uploads\/2021\/11\/DSC_1986-scaled.jpg?fit=1200%2C800&ssl=1&resize=1050%2C600 3x"},"classes":[]},{"id":169,"url":"https:\/\/proarhive.ro\/index.php\/2021\/11\/19\/selectionarea-documentelor-o-operatiune-delicata\/","url_meta":{"origin":191,"position":2},"title":"Selec\u0163ionarea documentelor \u2013 o opera\u0163iune delicat\u0103","author":"admin","date":"noiembrie 19, 2021","format":false,"excerpt":"Selec\u0163ionarea este opera\u0163iunea arhivistic\u0103 de stabilire a valorii documentar-istorice sau practice a unit\u0103\u0163ilor arhivistice dintr-un fond sau colec\u0163ie, \u00een vederea p\u0103str\u0103rii permanente a celor ce fac parte din Fondul Arhivistic Na\u0163ional \u015fi eliminarea celor lipsite de importan\u0163\u0103. Deci prin selec\u0163ionare se urm\u0103re\u015fte, \u00een primul r\u00e2nd, stabilirea documentelor cu valoare documentar\u2026","rel":"","context":"\u00cen \u201eArhivistica generala\u201d","block_context":{"text":"Arhivistica generala","link":"https:\/\/proarhive.ro\/index.php\/category\/arhivistica-generala\/"},"img":{"alt_text":"","src":"https:\/\/i0.wp.com\/proarhive.ro\/wp-content\/uploads\/2021\/11\/large_archive.jpg?fit=800%2C600&ssl=1&resize=350%2C200","width":350,"height":200,"srcset":"https:\/\/i0.wp.com\/proarhive.ro\/wp-content\/uploads\/2021\/11\/large_archive.jpg?fit=800%2C600&ssl=1&resize=350%2C200 1x, https:\/\/i0.wp.com\/proarhive.ro\/wp-content\/uploads\/2021\/11\/large_archive.jpg?fit=800%2C600&ssl=1&resize=525%2C300 1.5x, https:\/\/i0.wp.com\/proarhive.ro\/wp-content\/uploads\/2021\/11\/large_archive.jpg?fit=800%2C600&ssl=1&resize=700%2C400 2x"},"classes":[]},{"id":117,"url":"https:\/\/proarhive.ro\/index.php\/2021\/11\/19\/turcan-vom-recalcula-pensiile-dupa-digitalizarea-lor-care-in-ritmul-actual-va-fi-finalizata-pana-la-sfarsitul-lui-2022\/","url_meta":{"origin":191,"position":3},"title":"Turcan: Vom recalcula pensiile dup\u0103 digitalizarea lor, care \u00een ritmul actual va fi finalizat\u0103 p\u00e2n\u0103 la sf\u00e2r\u015fitul lui 2022","author":"admin","date":"noiembrie 19, 2021","format":false,"excerpt":"Ministerul Muncii va demara recalcularea pensiilor dup\u0103 digitalizarea tuturor dosarelor de pensie, proces care \u00een actualul ritm de lucru va fi finalizat p\u00e2n\u0103 la sf\u00e2r\u015fitul anului viitor, a transmis, joi, ministrul Muncii \u015fi Protec\u0163iei Sociale, Raluca Turcan, pe Facebook, scrie Agerpres. \u201eCu o medie de procesare de 26.000 de dosare\/zi,\u2026","rel":"","context":"\u00cen \u201eInteres general\u201d","block_context":{"text":"Interes general","link":"https:\/\/proarhive.ro\/index.php\/category\/artiole-de-interes-general-pentru-membrii-comunitatii\/"},"img":{"alt_text":"","src":"https:\/\/i0.wp.com\/proarhive.ro\/wp-content\/uploads\/2021\/11\/talon_pensie_58596868_60838700-560x420-1.webp?fit=1020%2C574&ssl=1&resize=350%2C200","width":350,"height":200,"srcset":"https:\/\/i0.wp.com\/proarhive.ro\/wp-content\/uploads\/2021\/11\/talon_pensie_58596868_60838700-560x420-1.webp?fit=1020%2C574&ssl=1&resize=350%2C200 1x, https:\/\/i0.wp.com\/proarhive.ro\/wp-content\/uploads\/2021\/11\/talon_pensie_58596868_60838700-560x420-1.webp?fit=1020%2C574&ssl=1&resize=525%2C300 1.5x, https:\/\/i0.wp.com\/proarhive.ro\/wp-content\/uploads\/2021\/11\/talon_pensie_58596868_60838700-560x420-1.webp?fit=1020%2C574&ssl=1&resize=700%2C400 2x"},"classes":[]},{"id":188,"url":"https:\/\/proarhive.ro\/index.php\/2021\/11\/26\/profesionalism-si-excelenta\/","url_meta":{"origin":191,"position":4},"title":"Profesionalism \u015fi excelen\u0163\u0103","author":"admin","date":"noiembrie 26, 2021","format":false,"excerpt":"Ca o confirmare a calit\u0103\u0163ii serviciilor arhivistice oferite de c\u0103tre companie precum \u015fi a profesionalismului echipei noastre, Structura de economie social\u0103 a fost autorizat\u0103 de c\u0103tre Arhivele Na\u0163ionale ale Rom\u00e2niei pentru serviciul arhivistic de leg\u0103torie \u015fi serviciul de prelucrare arhivistic\u0103.Structura ofer\u0103 \u015fi servicii de digitalizare a documentelor \u015fi organizarea acestora\u2026","rel":"","context":"\u00cen \u201eArhivistica generala\u201d","block_context":{"text":"Arhivistica generala","link":"https:\/\/proarhive.ro\/index.php\/category\/arhivistica-generala\/"},"img":{"alt_text":"","src":"https:\/\/i0.wp.com\/proarhive.ro\/wp-content\/uploads\/2021\/11\/autorizatii.jpg?fit=1200%2C748&ssl=1&resize=350%2C200","width":350,"height":200,"srcset":"https:\/\/i0.wp.com\/proarhive.ro\/wp-content\/uploads\/2021\/11\/autorizatii.jpg?fit=1200%2C748&ssl=1&resize=350%2C200 1x, https:\/\/i0.wp.com\/proarhive.ro\/wp-content\/uploads\/2021\/11\/autorizatii.jpg?fit=1200%2C748&ssl=1&resize=525%2C300 1.5x, https:\/\/i0.wp.com\/proarhive.ro\/wp-content\/uploads\/2021\/11\/autorizatii.jpg?fit=1200%2C748&ssl=1&resize=700%2C400 2x, https:\/\/i0.wp.com\/proarhive.ro\/wp-content\/uploads\/2021\/11\/autorizatii.jpg?fit=1200%2C748&ssl=1&resize=1050%2C600 3x"},"classes":[]},{"id":172,"url":"https:\/\/proarhive.ro\/index.php\/2021\/11\/19\/criterii-de-apreciere-a-valorii-documentelor\/","url_meta":{"origin":191,"position":5},"title":"Criterii de apreciere a valorii documentelor","author":"admin","date":"noiembrie 19, 2021","format":false,"excerpt":"Dintre criteriile de apreciere a valorii documentelor, pe primul plan se situeaz\u0103 con\u0163inutul informa\u0163ional-documentar, valoarea de m\u0103rturie a informa\u0163iilor cuprinse \u00een document, privind istoria social\u0103, economic\u0103, politic\u0103, cultural-religioas\u0103, indiferent dac\u0103 aceste informa\u0163ii sunt de interes local, na\u0163ional sau interna\u0163ional. \u00cen mod normal, ar trebui ca toate documentele care sunt permanente\u2026","rel":"","context":"\u00cen \u201eArhivistica generala\u201d","block_context":{"text":"Arhivistica generala","link":"https:\/\/proarhive.ro\/index.php\/category\/arhivistica-generala\/"},"img":{"alt_text":"documente vechi, digitalizarea documentelor","src":"https:\/\/i0.wp.com\/proarhive.ro\/wp-content\/uploads\/2021\/11\/old_document.jpg?fit=1200%2C682&ssl=1&resize=350%2C200","width":350,"height":200,"srcset":"https:\/\/i0.wp.com\/proarhive.ro\/wp-content\/uploads\/2021\/11\/old_document.jpg?fit=1200%2C682&ssl=1&resize=350%2C200 1x, https:\/\/i0.wp.com\/proarhive.ro\/wp-content\/uploads\/2021\/11\/old_document.jpg?fit=1200%2C682&ssl=1&resize=525%2C300 1.5x, https:\/\/i0.wp.com\/proarhive.ro\/wp-content\/uploads\/2021\/11\/old_document.jpg?fit=1200%2C682&ssl=1&resize=700%2C400 2x, https:\/\/i0.wp.com\/proarhive.ro\/wp-content\/uploads\/2021\/11\/old_document.jpg?fit=1200%2C682&ssl=1&resize=1050%2C600 3x"},"classes":[]}],"jetpack_sharing_enabled":true,"_links":{"self":[{"href":"https:\/\/proarhive.ro\/index.php\/wp-json\/wp\/v2\/posts\/191","targetHints":{"allow":["GET"]}}],"collection":[{"href":"https:\/\/proarhive.ro\/index.php\/wp-json\/wp\/v2\/posts"}],"about":[{"href":"https:\/\/proarhive.ro\/index.php\/wp-json\/wp\/v2\/types\/post"}],"author":[{"embeddable":true,"href":"https:\/\/proarhive.ro\/index.php\/wp-json\/wp\/v2\/users\/1"}],"replies":[{"embeddable":true,"href":"https:\/\/proarhive.ro\/index.php\/wp-json\/wp\/v2\/comments?post=191"}],"version-history":[{"count":1,"href":"https:\/\/proarhive.ro\/index.php\/wp-json\/wp\/v2\/posts\/191\/revisions"}],"predecessor-version":[{"id":193,"href":"https:\/\/proarhive.ro\/index.php\/wp-json\/wp\/v2\/posts\/191\/revisions\/193"}],"wp:featuredmedia":[{"embeddable":true,"href":"https:\/\/proarhive.ro\/index.php\/wp-json\/wp\/v2\/media\/192"}],"wp:attachment":[{"href":"https:\/\/proarhive.ro\/index.php\/wp-json\/wp\/v2\/media?parent=191"}],"wp:term":[{"taxonomy":"category","embeddable":true,"href":"https:\/\/proarhive.ro\/index.php\/wp-json\/wp\/v2\/categories?post=191"},{"taxonomy":"post_tag","embeddable":true,"href":"https:\/\/proarhive.ro\/index.php\/wp-json\/wp\/v2\/tags?post=191"}],"curies":[{"name":"wp","href":"https:\/\/api.w.org\/{rel}","templated":true}]}}